{"id":333,"date":"2011-07-13T21:15:53","date_gmt":"2011-07-13T21:15:53","guid":{"rendered":"http:\/\/www.humbertoramos.net\/cifras\/?p=333"},"modified":"2016-03-24T13:55:25","modified_gmt":"2016-03-24T13:55:25","slug":"alo-alo-cabo-verde-paulino-vieira","status":"publish","type":"post","link":"https:\/\/www.humbertoramos.net\/cifras\/alo-alo-cabo-verde-paulino-vieira\/","title":{"rendered":"Prece di um fidje (al\u00f4 al\u00f4 cabo verde)- Paulino Vieira"},"content":{"rendered":"<style>div.cnl_page { float: left; }div.cnl_line { margin: .7em; }div.cnl { display: inline; float: left; }div.cnl_clear { clear: both; }<\/style><div class=\"cnl_page\"><div class=\"cnl_line\"><\/p><\/div><div class='cnl_clear'><\/div>\n<div class=\"cnl_line\"><div class=\"cnl\"><div class=\"chord\"><strong><\/strong>&nbsp;<\/div><div class=\"lyric\"><\/div><\/div>\n<div class=\"cnl\"><div class=\"chord\"><strong>Dm<\/strong>&nbsp;<\/div><div class=\"lyric\">Al\u00f4 al\u00f4 Cabo &nbsp;<\/div><\/div>\n<div class=\"cnl\"><div class=\"chord\"><strong>A<\/strong>&nbsp;<\/div><div class=\"lyric\">Verde&nbsp;<\/div><\/div><div class=\"cnl\"><div class=\"chord\">&nbsp;<\/div><div class=\"lyric\"> al\u00f4<\/div><\/div>\n<\/div><div class='cnl_clear'><\/div>\n<div class=\"cnl_line\"><div class=\"cnl\"><div class=\"chord\"><strong>Gm<\/strong>&nbsp;<\/div><div class=\"lyric\">Terra pobre ma chei &nbsp;<\/div><\/div>\n<div class=\"cnl\"><div class=\"chord\"><strong>A<\/strong>&nbsp;<\/div><div class=\"lyric\">di&nbsp;<\/div><\/div><div class=\"cnl\"><div class=\"chord\">&nbsp;<\/div><div class=\"lyric\"> viv\u00eancia<\/div><\/div>\n<\/div><div class='cnl_clear'><\/div>\n<div class=\"cnl_line\"><div class=\"cnl\"><div class=\"chord\"><strong><\/strong>&nbsp;<\/div><div class=\"lyric\"><\/div><\/div>\n<div class=\"cnl\"><div class=\"chord\"><strong>Dm<\/strong>&nbsp;<\/div><div class=\"lyric\">Uvi esse prece de um<\/div><\/div>\n<div class=\"cnl\"><div class=\"chord\"><strong>A<\/strong>&nbsp;<\/div><div class=\"lyric\">fidju di b\u00f4<\/div><\/div>\n<\/div><div class='cnl_clear'><\/div>\n<div class=\"cnl_line\"><div class=\"cnl\"><div class=\"chord\"><strong>Gm<\/strong>&nbsp;<\/div><div class=\"lyric\">Que ta bem longe ma ca ta<\/div><\/div>\n<div class=\"cnl\"><div class=\"chord\"><strong>A<\/strong>&nbsp;<\/div><div class=\"lyric\">esquecebo<\/div><\/div>\n<\/div><div class='cnl_clear'><\/div>\n<div class=\"cnl_line\"><p>Dia ta bai dia ta bem<\/p><\/div><div class='cnl_clear'><\/div>\n<div class=\"cnl_line\"><p>Ta passa li sempre longe de nha terrinha<\/p><\/div><div class='cnl_clear'><\/div>\n<div class=\"cnl_line\"><p>Ma mim um tem f\u00ea, sima um tem f\u00ea<\/p><\/div><div class='cnl_clear'><\/div>\n<div class=\"cnl_line\"><p>De ba viv\u00cd la nem qu\u00cd nhas ultimos dias<\/p><\/div><div class='cnl_clear'><\/div>\n<div class=\"cnl_line\"><p>Jam cr\u00ea oia nem qu\u00ea s\u00f4 mas um vez<\/p><\/div><div class='cnl_clear'><\/div>\n<div class=\"cnl_line\"><p>Passaga d&#8217;one carnaval San Jon<\/p><\/div><div class='cnl_clear'><\/div>\n<div class=\"cnl_line\"><p>Jam cr\u00ea viv\u00ea junt ma nha povo<\/p><\/div><div class='cnl_clear'><\/div>\n<div class=\"cnl_line\"><p>Dan\u00e7a cola, bate pe na tchon<\/p><\/div><div class='cnl_clear'><\/div>\n<div class=\"cnl_line\"><p>La tud cosa \u00ea mas sab<\/p><\/div><div class='cnl_clear'><\/div>\n<div class=\"cnl_line\"><p>Tud cosa \u00ea mas doce<\/p><\/div><div class='cnl_clear'><\/div>\n<div class=\"cnl_line\"><p>La \u00ea um sabura<\/p><\/div><div class='cnl_clear'><\/div>\n<div class=\"cnl_line\"><p><\/div><div class='cnl_clear'><\/div>\n<\/div>\n","protected":false},"excerpt":{"rendered":"Dm&nbsp;Al\u00f4 al\u00f4 Cabo &nbsp; A&nbsp;Verde&nbsp;&nbsp; al\u00f4 Gm&nbsp;Terra pobre ma chei &nbsp; A&nbsp;di&nbsp;&nbsp; viv\u00eancia Dm&nbsp;Uvi esse prece de um A&nbsp;fidju di b\u00f4 Gm&nbsp;Que ta bem longe ma ca ta A&nbsp;esquecebo Dia [...]","protected":false},"author":1,"featured_media":0,"comment_status":"open","ping_status":"closed","sticky":false,"template":"","format":"standard","meta":{"spay_email":"","footnotes":""},"categories":[7,10],"tags":[],"class_list":["post-333","post","type-post","status-publish","format-standard","hentry","category-cifras","category-coladera"],"jetpack_featured_media_url":"","_links":{"self":[{"href":"https:\/\/www.humbertoramos.net\/cifras\/wp-json\/wp\/v2\/posts\/333","targetHints":{"allow":["GET"]}}],"collection":[{"href":"https:\/\/www.humbertoramos.net\/cifras\/wp-json\/wp\/v2\/posts"}],"about":[{"href":"https:\/\/www.humbertoramos.net\/cifras\/wp-json\/wp\/v2\/types\/post"}],"author":[{"embeddable":true,"href":"https:\/\/www.humbertoramos.net\/cifras\/wp-json\/wp\/v2\/users\/1"}],"replies":[{"embeddable":true,"href":"https:\/\/www.humbertoramos.net\/cifras\/wp-json\/wp\/v2\/comments?post=333"}],"version-history":[{"count":6,"href":"https:\/\/www.humbertoramos.net\/cifras\/wp-json\/wp\/v2\/posts\/333\/revisions"}],"predecessor-version":[{"id":2472,"href":"https:\/\/www.humbertoramos.net\/cifras\/wp-json\/wp\/v2\/posts\/333\/revisions\/2472"}],"wp:attachment":[{"href":"https:\/\/www.humbertoramos.net\/cifras\/wp-json\/wp\/v2\/media?parent=333"}],"wp:term":[{"taxonomy":"category","embeddable":true,"href":"https:\/\/www.humbertoramos.net\/cifras\/wp-json\/wp\/v2\/categories?post=333"},{"taxonomy":"post_tag","embeddable":true,"href":"https:\/\/www.humbertoramos.net\/cifras\/wp-json\/wp\/v2\/tags?post=333"}],"curies":[{"name":"wp","href":"https:\/\/api.w.org\/{rel}","templated":true}]}}