{"id":4805,"date":"2022-11-11T14:57:14","date_gmt":"2022-11-11T14:57:14","guid":{"rendered":"https:\/\/www.humbertoramos.net\/cifras\/?p=4805"},"modified":"2022-11-11T15:02:58","modified_gmt":"2022-11-11T15:02:58","slug":"abissinios-anton-tchitche-antonio-da-silva-ramos","status":"publish","type":"post","link":"https:\/\/www.humbertoramos.net\/cifras\/abissinios-anton-tchitche-antonio-da-silva-ramos\/","title":{"rendered":"Abiss\u00ednios &#8211; Anton Tchitche &#8211; Ant\u00f3nio da Silva Ramos"},"content":{"rendered":"<!--[if lt IE 9]><script>document.createElement('audio');<\/script><![endif]-->\n<audio class=\"wp-audio-shortcode\" id=\"audio-4805-1\" preload=\"none\" style=\"width: 100%;\" controls=\"controls\"><source type=\"audio\/mpeg\" src=\"http:\/\/www.humbertoramos.net\/cifras\/wp-content\/uploads\/2022\/11\/01-Teresinha-Arau\u0301jo-Abissi\u0301nia-de-Anto\u0302n-Tchitche-2003.mp3?_=1\" \/><a href=\"http:\/\/www.humbertoramos.net\/cifras\/wp-content\/uploads\/2022\/11\/01-Teresinha-Arau\u0301jo-Abissi\u0301nia-de-Anto\u0302n-Tchitche-2003.mp3\">http:\/\/www.humbertoramos.net\/cifras\/wp-content\/uploads\/2022\/11\/01-Teresinha-Arau\u0301jo-Abissi\u0301nia-de-Anto\u0302n-Tchitche-2003.mp3<\/a><\/audio>\n<h1><span style=\"font-size: 14px;\">TOM : Gm<\/span><\/h1>\n<div class=\"app-handler akorcu-app-handler bs-iso\"><div class=\"header-handler\"><wp-chords-tools\/><\/div><div class=\"wpChordsBody wpChordsBodyMonospace\" ref=\"chordsbody\" title=\"Abiss\u00ednios &#8211; Anton Tchitche &#8211; Ant\u00f3nio da Silva Ramos\"><wpchords><\/p>\n<p><wpchord data-nosnippet nota=\"D7\"><\/wpchord>Abiss\u00ednios \u00ea <wpchord data-nosnippet nota=\"Gm\"><\/wpchord>nosso<\/p>\n<p>N\u00f4 ta ped\u00ed Deus pa<wpchord data-nosnippet nota=\"Cm\"><\/wpchord> el<\/p>\n<p>Reza um Padre \u2013 <wpchord data-nosnippet nota=\"Gm\"><\/wpchord>Nosso<\/p>\n<p>Pa alma <wpchord data-nosnippet nota=\"D7\"><\/wpchord>d\u2019Itali\u00f3ne<\/p>\n<p>&nbsp;<\/p>\n<p>O qu\u2019ta candili\u00f4-me<\/p>\n<p>\u00ca oi\u00e1 Abiss\u00ednios na guerra<\/p>\n<p>Tali\u00f3ne qu\u2019s\u00eas fome<\/p>\n<p>Qu\u2019r\u00ea ba t\u2019m\u00e1s s\u00eas terra<\/p>\n<p>&nbsp;<\/p>\n<p>\u00d3 Africa c\u2019ma b\u00f4 \u00ea triste<\/p>\n<p>Todo mundo\u00a0 t\u2019otx\u00f3-b p\u00f4c<\/p>\n<p>Ma inda m\u2019 tem q\u2019oi\u00e1<\/p>\n<p>Negros ta d\u00e1 Dutxe um s\u00f4co<\/p>\n<p>&nbsp;<\/p>\n<p>Mundo\u00a0 inter na\u00a0 guerra<\/p>\n<p>Por causa d\u2019ambi\u00e7\u00e3o<\/p>\n<p>Negros c\u2019mod\u00e2 b\u00f4 terra<\/p>\n<p>B\u00f4 terra de promessa<\/p>\n<p><\/wpchords><\/div><\/div>\n","protected":false},"excerpt":{"rendered":"<p>TOM : Gm<\/p>\n","protected":false},"author":1,"featured_media":0,"comment_status":"closed","ping_status":"closed","sticky":false,"template":"","format":"standard","meta":{"spay_email":"","footnotes":""},"categories":[11,57],"tags":[],"class_list":["post-4805","post","type-post","status-publish","format-standard","hentry","category-morna","category-sao-vicente"],"jetpack_featured_media_url":"","_links":{"self":[{"href":"https:\/\/www.humbertoramos.net\/cifras\/wp-json\/wp\/v2\/posts\/4805","targetHints":{"allow":["GET"]}}],"collection":[{"href":"https:\/\/www.humbertoramos.net\/cifras\/wp-json\/wp\/v2\/posts"}],"about":[{"href":"https:\/\/www.humbertoramos.net\/cifras\/wp-json\/wp\/v2\/types\/post"}],"author":[{"embeddable":true,"href":"https:\/\/www.humbertoramos.net\/cifras\/wp-json\/wp\/v2\/users\/1"}],"replies":[{"embeddable":true,"href":"https:\/\/www.humbertoramos.net\/cifras\/wp-json\/wp\/v2\/comments?post=4805"}],"version-history":[{"count":5,"href":"https:\/\/www.humbertoramos.net\/cifras\/wp-json\/wp\/v2\/posts\/4805\/revisions"}],"predecessor-version":[{"id":4811,"href":"https:\/\/www.humbertoramos.net\/cifras\/wp-json\/wp\/v2\/posts\/4805\/revisions\/4811"}],"wp:attachment":[{"href":"https:\/\/www.humbertoramos.net\/cifras\/wp-json\/wp\/v2\/media?parent=4805"}],"wp:term":[{"taxonomy":"category","embeddable":true,"href":"https:\/\/www.humbertoramos.net\/cifras\/wp-json\/wp\/v2\/categories?post=4805"},{"taxonomy":"post_tag","embeddable":true,"href":"https:\/\/www.humbertoramos.net\/cifras\/wp-json\/wp\/v2\/tags?post=4805"}],"curies":[{"name":"wp","href":"https:\/\/api.w.org\/{rel}","templated":true}]}}