{"id":5121,"date":"2023-12-04T10:09:31","date_gmt":"2023-12-04T10:09:31","guid":{"rendered":"https:\/\/www.humbertoramos.net\/cifras\/?p=5121"},"modified":"2023-12-04T10:47:42","modified_gmt":"2023-12-04T10:47:42","slug":"nos-paraiso-pedro-rodrigues","status":"publish","type":"post","link":"https:\/\/www.humbertoramos.net\/cifras\/nos-paraiso-pedro-rodrigues\/","title":{"rendered":"N\u00f4s para\u00edso &#8211; Pedro Rodrigues"},"content":{"rendered":"<p><strong>TOM : C<\/strong><\/p>\n<div class=\"app-handler akorcu-app-handler bs-iso\"><div class=\"header-handler\"><wp-chords-tools\/><\/div><div class=\"wpChordsBody wpChordsBodyMonospace\" ref=\"chordsbody\" title=\"N\u00f4s para\u00edso &#8211; Pedro Rodrigues\"><wpchords><\/p>\n<p><wpchord data-nosnippet nota=\"C\"><\/wpchord>Ca n\u00f4 estrag\u00e2 n\u00f4s para\u00edso<\/p>\n<p>\u00cass jardim\u00a0 que n\u00f4 plant\u00e2<\/p>\n<p><wpchord data-nosnippet nota=\"A7\"><\/wpchord>Na mei de dor e mis<wpchord data-nosnippet nota=\"Dm\"><\/wpchord>\u00e9ria<\/p>\n<p>E na harmonia de n\u00f4s cul<wpchord data-nosnippet nota=\"G7\"><\/wpchord>tura<\/p>\n<p>De barlavento e sotavento<\/p>\n<p>Um fresca brisa de <wpchord data-nosnippet nota=\"C\"><\/wpchord>paz<\/p>\n<p>Na mistura de n\u00f4s cri\u00f4lo<\/p>\n<p>N\u00f4 peg\u00e2 n\u00f4s viol\u00e3o<\/p>\n<p><wpchord data-nosnippet nota=\"A7\"><\/wpchord>N\u00f4 sa\u00ed junto num sere<wpchord data-nosnippet nota=\"Dm\"><\/wpchord>nata<\/p>\n<p>E na do\u00e7ura d&#8217;um mi <wpchord data-nosnippet nota=\"G7\"><\/wpchord>menor<\/p>\n<p>E na quentura d&#8217;um sol maior<\/p>\n<p>N\u00f4 cant\u00e2 n\u00f4s senti<wpchord data-nosnippet nota=\"C\"><\/wpchord>mento<\/p>\n<p>Ca n\u00f4 estra<wpchord data-nosnippet nota=\"Dm\"><\/wpchord>g\u00e2 \u00eas mara<wpchord data-nosnippet nota=\"G7\"><\/wpchord>vilha de natu<wpchord data-nosnippet nota=\"C\"><\/wpchord>reza<\/p>\n<p><wpchord data-nosnippet nota=\"A\"><\/wpchord>Qu&#8217;\u00ea espaiode na meio de <wpchord data-nosnippet nota=\"Dm\"><\/wpchord>mar<\/p>\n<p>Ta un\u00ed<wpchord data-nosnippet nota=\"G7\"><\/wpchord> n\u00f4s cora<wpchord data-nosnippet nota=\"Cm\"><\/wpchord>\u00e7\u00e3o<\/p>\n<p>\u00cass sentimento q&#8217;n\u00f4 tem na <wpchord data-nosnippet nota=\"G7\"><\/wpchord>peite<\/p>\n<p>\u00cass pensamento qu&#8217;\u00ea d&#8217;n\u00f4s <wpchord data-nosnippet nota=\"Cm\"><\/wpchord>tude<\/p>\n<p>N\u00f4 tch\u00e2 flori<wpchord data-nosnippet nota=\"C7\"><\/wpchord> \u00eas jar<wpchord data-nosnippet nota=\"Fm\"><\/wpchord>dim<\/p>\n<p>N\u00f4 reg\u00e2 qu\u00eas ca<wpchord data-nosnippet nota=\"Cm\"><\/wpchord>nt\u00ear<\/p>\n<p>Pa cada flor que nas<wpchord data-nosnippet nota=\"G7\"><\/wpchord>c\u00ea<\/p>\n<p>\u00c9 Cabo Verde t\u00e2 cres<wpchord data-nosnippet nota=\"C7\"><\/wpchord>c\u00ea<\/p>\n<p>Ca n\u00f4 pol<wpchord data-nosnippet nota=\"Dm\"><\/wpchord>u\u00ed \u00eas mar <wpchord data-nosnippet nota=\"G7\"><\/wpchord>sereno e crista<wpchord data-nosnippet nota=\"C\"><\/wpchord>lino<\/p>\n<p><wpchord data-nosnippet nota=\"A7\"><\/wpchord>Que na pulsar d&#8217;s\u00eas <wpchord data-nosnippet nota=\"Dm\"><\/wpchord>onda ta <wpchord data-nosnippet nota=\"G7\"><\/wpchord>un\u00ed n\u00f4s cora<wpchord data-nosnippet nota=\"C\"><\/wpchord>\u00e7\u00e3o<\/p>\n<p><\/wpchords><\/div><\/div>\n<p><iframe loading=\"lazy\" title=\"Cesaria Evora  - N\u00f3s Cabo Verde (N\u00f3s Para\u00edso) Pedro Rodrigues\" width=\"500\" height=\"281\" src=\"https:\/\/www.youtube.com\/embed\/HhhG74PUJ3k?feature=oembed\" frameborder=\"0\" allow=\"accelerometer; autoplay; clipboard-write; encrypted-media; gyroscope; picture-in-picture; web-share\" referrerpolicy=\"strict-origin-when-cross-origin\" allowfullscreen><\/iframe><\/p>\n<p>&nbsp;<\/p>\n<p>cantado pelo compositor:<\/p>\n<p>https:\/\/www.youtube.com\/watch?v=lLuJ4SLxf_A&#038;ab_channel=TPAOnline<\/p>\n","protected":false},"excerpt":{"rendered":"<p>TOM : C &nbsp; cantado pelo compositor: https:\/\/www.youtube.com\/watch?v=lLuJ4SLxf_A&#038;ab_channel=TPAOnline<\/p>\n","protected":false},"author":1,"featured_media":0,"comment_status":"closed","ping_status":"closed","sticky":false,"template":"","format":"standard","meta":{"spay_email":"","footnotes":""},"categories":[11,143,62],"tags":[],"class_list":["post-5121","post","type-post","status-publish","format-standard","hentry","category-morna","category-pedro-rodrigues","category-santiago"],"jetpack_featured_media_url":"","_links":{"self":[{"href":"https:\/\/www.humbertoramos.net\/cifras\/wp-json\/wp\/v2\/posts\/5121","targetHints":{"allow":["GET"]}}],"collection":[{"href":"https:\/\/www.humbertoramos.net\/cifras\/wp-json\/wp\/v2\/posts"}],"about":[{"href":"https:\/\/www.humbertoramos.net\/cifras\/wp-json\/wp\/v2\/types\/post"}],"author":[{"embeddable":true,"href":"https:\/\/www.humbertoramos.net\/cifras\/wp-json\/wp\/v2\/users\/1"}],"replies":[{"embeddable":true,"href":"https:\/\/www.humbertoramos.net\/cifras\/wp-json\/wp\/v2\/comments?post=5121"}],"version-history":[{"count":6,"href":"https:\/\/www.humbertoramos.net\/cifras\/wp-json\/wp\/v2\/posts\/5121\/revisions"}],"predecessor-version":[{"id":5127,"href":"https:\/\/www.humbertoramos.net\/cifras\/wp-json\/wp\/v2\/posts\/5121\/revisions\/5127"}],"wp:attachment":[{"href":"https:\/\/www.humbertoramos.net\/cifras\/wp-json\/wp\/v2\/media?parent=5121"}],"wp:term":[{"taxonomy":"category","embeddable":true,"href":"https:\/\/www.humbertoramos.net\/cifras\/wp-json\/wp\/v2\/categories?post=5121"},{"taxonomy":"post_tag","embeddable":true,"href":"https:\/\/www.humbertoramos.net\/cifras\/wp-json\/wp\/v2\/tags?post=5121"}],"curies":[{"name":"wp","href":"https:\/\/api.w.org\/{rel}","templated":true}]}}