{"id":5342,"date":"2024-05-21T13:37:13","date_gmt":"2024-05-21T13:37:13","guid":{"rendered":"https:\/\/www.humbertoramos.net\/cifras\/?p=5342"},"modified":"2024-05-21T13:39:00","modified_gmt":"2024-05-21T13:39:00","slug":"africa-de-itamaraca-mario-lucio","status":"publish","type":"post","link":"https:\/\/www.humbertoramos.net\/cifras\/africa-de-itamaraca-mario-lucio\/","title":{"rendered":"\u00c1frica de Itamarac\u00e1 &#8211; M\u00e1rio L\u00facio"},"content":{"rendered":"<div class=\"app-handler akorcu-app-handler bs-iso\"><div class=\"header-handler\"><wp-chords-tools\/><\/div><div class=\"wpChordsBody wpChordsBodyMonospace\" ref=\"chordsbody\" title=\"\u00c1frica de Itamarac\u00e1 &#8211; M\u00e1rio L\u00facio\"><wpchords><\/p>\n<p><wpchord data-nosnippet nota=\"D#m\"><\/wpchord>Oh \u00c1frica, do fundo caldeir\u00e3o<\/p>\n<p>Tem d\u00f3, tem d\u00f3<\/p>\n<p>Tem d\u00f3, tem d\u00f3<\/p>\n<p>&nbsp;<\/p>\n<p>Oh \u00c1frica, do fundo do pur\u00e3o<\/p>\n<p>Tem d\u00f3, tem d\u00f3<\/p>\n<p>Tem d\u00f3, tem d\u00f3<\/p>\n<p>&nbsp;<\/p>\n<p>Oh \u00c1frica, do fundo do sert\u00e3o<\/p>\n<p>Tem d\u00f3, tem d\u00f3<\/p>\n<p>Tem d\u00f3, tem d\u00f3<\/p>\n<p>&nbsp;<\/p>\n<p>Oh \u00c1frica, do fundo cora\u00e7\u00e3o<\/p>\n<p>Tem d\u00f3, tem d\u00f3<\/p>\n<p>Tem d\u00f3, tem d\u00f3<\/p>\n<p>&nbsp;<\/p>\n<p>Oh \u00c1frica, de Itamarac\u00e1<\/p>\n<p>Oh \u00c1frica, de Cuba \u00e1 Dakar<\/p>\n<p>Oh \u00c1frica, daqui \u00e1 Madag\u00e1scar<\/p>\n<p>Oh \u00c1frica, grande M\u00e3e \u00c1frica<\/p>\n<p>&nbsp;<\/p>\n<p>Tem d\u00f3, tem d\u00f3<\/p>\n<p>Tem do, tem d\u00f3<\/p>\n<p><\/wpchords><\/div><\/div>\n<p><iframe loading=\"lazy\" title=\"\u00c1frica de Itamarac\u00e1\" width=\"500\" height=\"375\" src=\"https:\/\/www.youtube.com\/embed\/AdIwwEm5Yuc?feature=oembed\" frameborder=\"0\" allow=\"accelerometer; autoplay; clipboard-write; encrypted-media; gyroscope; picture-in-picture; web-share\" referrerpolicy=\"strict-origin-when-cross-origin\" allowfullscreen><\/iframe><\/p>\n","protected":false},"excerpt":{"rendered":"Oh \u00c1frica, do fundo caldeir\u00e3o Tem d\u00f3, tem d\u00f3 Tem d\u00f3, tem d\u00f3 &nbsp; Oh \u00c1frica, do fundo do pur\u00e3o Tem d\u00f3, tem d\u00f3 Tem d\u00f3, tem d\u00f3 &nbsp; Oh [...]","protected":false},"author":1,"featured_media":0,"comment_status":"closed","ping_status":"closed","sticky":false,"template":"","format":"standard","meta":{"spay_email":"","footnotes":""},"categories":[10,72,62],"tags":[],"class_list":["post-5342","post","type-post","status-publish","format-standard","hentry","category-coladera","category-mario-lucio","category-santiago"],"jetpack_featured_media_url":"","_links":{"self":[{"href":"https:\/\/www.humbertoramos.net\/cifras\/wp-json\/wp\/v2\/posts\/5342","targetHints":{"allow":["GET"]}}],"collection":[{"href":"https:\/\/www.humbertoramos.net\/cifras\/wp-json\/wp\/v2\/posts"}],"about":[{"href":"https:\/\/www.humbertoramos.net\/cifras\/wp-json\/wp\/v2\/types\/post"}],"author":[{"embeddable":true,"href":"https:\/\/www.humbertoramos.net\/cifras\/wp-json\/wp\/v2\/users\/1"}],"replies":[{"embeddable":true,"href":"https:\/\/www.humbertoramos.net\/cifras\/wp-json\/wp\/v2\/comments?post=5342"}],"version-history":[{"count":3,"href":"https:\/\/www.humbertoramos.net\/cifras\/wp-json\/wp\/v2\/posts\/5342\/revisions"}],"predecessor-version":[{"id":5345,"href":"https:\/\/www.humbertoramos.net\/cifras\/wp-json\/wp\/v2\/posts\/5342\/revisions\/5345"}],"wp:attachment":[{"href":"https:\/\/www.humbertoramos.net\/cifras\/wp-json\/wp\/v2\/media?parent=5342"}],"wp:term":[{"taxonomy":"category","embeddable":true,"href":"https:\/\/www.humbertoramos.net\/cifras\/wp-json\/wp\/v2\/categories?post=5342"},{"taxonomy":"post_tag","embeddable":true,"href":"https:\/\/www.humbertoramos.net\/cifras\/wp-json\/wp\/v2\/tags?post=5342"}],"curies":[{"name":"wp","href":"https:\/\/api.w.org\/{rel}","templated":true}]}}