{"id":606,"date":"2013-01-25T19:15:36","date_gmt":"2013-01-25T19:15:36","guid":{"rendered":"http:\/\/www.humbertoramos.net\/cifras\/?p=606"},"modified":"2013-03-31T14:05:14","modified_gmt":"2013-03-31T14:05:14","slug":"perdao-emilia-gilberto-alves","status":"publish","type":"post","link":"https:\/\/www.humbertoramos.net\/cifras\/perdao-emilia-gilberto-alves\/","title":{"rendered":"Perd\u00e3o Emilia &#8211; Jose Henrique da Silva e Juca Peda\u00e7o"},"content":{"rendered":"<style>div.cnl_page { float: left; }div.cnl_line { margin: .7em; }div.cnl { display: inline; float: left; }div.cnl_clear { clear: both; }<\/style><div class=\"cnl_page\"><div class=\"cnl_line\"><\/p><\/div><div class='cnl_clear'><\/div>\n<div class=\"cnl_line\"><div class=\"cnl\"><div class=\"chord\"><strong><\/strong>&nbsp;<\/div><div class=\"lyric\"><\/div><\/div>\n<div class=\"cnl\"><div class=\"chord\"><strong>Em<\/strong>&nbsp;<\/div><div class=\"lyric\">J\u00e1 tudo dorme, vem a &nbsp;<\/div><\/div>\n<div class=\"cnl\"><div class=\"chord\"><strong>B7<\/strong>&nbsp;<\/div><div class=\"lyric\">noite em &nbsp;<\/div><\/div>\n<div class=\"cnl\"><div class=\"chord\"><strong>Em<\/strong>&nbsp;<\/div><div class=\"lyric\">meio.<\/div><\/div>\n<\/div><div class='cnl_clear'><\/div>\n<div class=\"cnl_line\"><div class=\"cnl\"><div class=\"chord\"><strong><\/strong>&nbsp;<\/div><div class=\"lyric\">A turva lua &nbsp;<\/div><\/div>\n<div class=\"cnl\"><div class=\"chord\"><strong>C7<\/strong>&nbsp;<\/div><div class=\"lyric\">surgindo&nbsp;<\/div><\/div><div class=\"cnl\"><div class=\"chord\">&nbsp;<\/div><div class=\"lyric\"> &nbsp;<\/div><\/div>\n<div class=\"cnl\"><div class=\"chord\"><strong>B7<\/strong>&nbsp;<\/div><div class=\"lyric\">al\u00e9m.<\/div><\/div>\n<\/div><div class='cnl_clear'><\/div>\n<div class=\"cnl_line\"><div class=\"cnl\"><div class=\"chord\"><strong><\/strong>&nbsp;<\/div><div class=\"lyric\">Tudo \u00e9 &nbsp;<\/div><\/div>\n<div class=\"cnl\"><div class=\"chord\"><strong>Am<\/strong>&nbsp;<\/div><div class=\"lyric\">sil\u00eancio;<\/div><\/div>\n<\/div><div class='cnl_clear'><\/div>\n<div class=\"cnl_line\"><div class=\"cnl\"><div class=\"chord\"><strong><\/strong>&nbsp;<\/div><div class=\"lyric\">s\u00f3 se v\u00ea nas &nbsp;<\/div><\/div>\n<div class=\"cnl\"><div class=\"chord\"><strong>B7<\/strong>&nbsp;<\/div><div class=\"lyric\">campas<\/div><\/div>\n<\/div><div class='cnl_clear'><\/div>\n<div class=\"cnl_line\"><div class=\"cnl\"><div class=\"chord\"><strong><\/strong>&nbsp;<\/div><div class=\"lyric\">piar o mocho no cruel &nbsp;<\/div><\/div>\n<div class=\"cnl\"><div class=\"chord\"><strong>Em<\/strong>&nbsp;<\/div><div class=\"lyric\">desd\u00e9m.<\/div><\/div>\n<\/div><div class='cnl_clear'><\/div>\n<div class=\"cnl_line\"><p>Depois, um vulto de roupagem preta,<br \/><\/div><div class='cnl_clear'><\/div>\n<div class=\"cnl_line\">No cemit\u00e9rio com vagar entrou.<br \/><\/div><div class='cnl_clear'><\/div>\n<div class=\"cnl_line\">Junto ao sepulcro, se curvando a medo,<br \/><\/div><div class='cnl_clear'><\/div>\n<div class=\"cnl_line\">Com triste frases nesta voz falou:<br \/><\/div><div class='cnl_clear'><\/div>\n<div class=\"cnl_line\">&#8211; Monstro tirano, pra que vens agora<br \/><\/div><div class='cnl_clear'><\/div>\n<div class=\"cnl_line\">Lembrar-me as m\u00e1goas que por ti passei?<br \/><\/div><div class='cnl_clear'><\/div>\n<div class=\"cnl_line\">L\u00e1 nesse mundo em que vivi chorando,<br \/><\/div><div class='cnl_clear'><\/div>\n<div class=\"cnl_line\">Desde o instante em que te vi e amei.<br \/><\/div><div class='cnl_clear'><\/div>\n<div class=\"cnl_line\">Chegou a hora de tomar vingan\u00e7a,<br \/><\/div><div class='cnl_clear'><\/div>\n<div class=\"cnl_line\">Mas tu, ingrato, n\u00e3o ter\u00e1s perd\u00e3o&#8230;<br \/><\/div><div class='cnl_clear'><\/div>\n<div class=\"cnl_line\">Deus n\u00e3o perdoa as tuas culpas todas,<br \/><\/div><div class='cnl_clear'><\/div>\n<div class=\"cnl_line\">Castigo justo tu ter\u00e1s, ent\u00e3o.<\/p><\/div><div class='cnl_clear'><\/div>\n<div class=\"cnl_line\"><p>Mas este vulto de roupagem preta,<br \/><\/div><div class='cnl_clear'><\/div>\n<div class=\"cnl_line\">Tombou, de chofre, sobre a terra fria.<br \/><\/div><div class='cnl_clear'><\/div>\n<div class=\"cnl_line\">E quando a aurora despontou, na lousa<br \/><\/div><div class='cnl_clear'><\/div>\n<div class=\"cnl_line\">Um corpo inerte a dormitar se via:<\/p><\/div><div class='cnl_clear'><\/div>\n<div class=\"cnl_line\"><p>&#8211; Perd\u00e3o, Em\u00edlia, se roubei-te a vida,<br \/><\/div><div class='cnl_clear'><\/div>\n<div class=\"cnl_line\">Se fui impuro, fui cruel, ousado&#8230;<br \/><\/div><div class='cnl_clear'><\/div>\n<div class=\"cnl_line\">Perd\u00e3o, Em\u00edlia, se manchei teus l\u00e1bios.<br \/><\/div><div class='cnl_clear'><\/div>\n<div class=\"cnl_line\">Perd\u00e3o, Em\u00edlia, para um desgra\u00e7ado.<\/p><\/div><div class='cnl_clear'><\/div>\n<div class=\"cnl_line\"><p>&nbsp;<\/p><\/div><div class='cnl_clear'><\/div>\n<div class=\"cnl_line\"><p><\/div><div class='cnl_clear'><\/div>\n<\/div>\n<p>Vers\u00e3o Original<\/p>\n<p>Gravado em 13\/03\/1952, para o programa &#8221;O pessoal da velha guarda&#8221;.<br \/>\n\u00c9 atribu\u00edda a Jos\u00e9 Henrique da Silva e Juca Peda\u00e7o, <br \/>embora n\u00e3o se tenha certeza sobre a sua autoria.\n<\/p>\n<p><span class=\"youtube\"><iframe loading=\"lazy\" title=\"YouTube video player\" class=\"youtube-player\" type=\"text\/html\" width=\"425\" height=\"344\" src=\"\/\/www.youtube.com\/embed\/JfUBjFP7wVw?wmode=transparent&amp;fs=1&amp;hl=en&amp;modestbranding=1&amp;iv_load_policy=3&amp;showsearch=0&amp;rel=1&amp;theme=dark\" frameborder=\"0\" allowfullscreen><\/iframe><\/span><\/p>\n","protected":false},"excerpt":{"rendered":"<p>Vers\u00e3o Original Gravado em 13\/03\/1952, para o programa &#8221;O pessoal da velha guarda&#8221;. \u00c9 atribu\u00edda a Jos\u00e9 Henrique da Silva e Juca Peda\u00e7o, embora n\u00e3o se tenha certeza sobre a [&hellip;]<\/p>\n","protected":false},"author":1,"featured_media":0,"comment_status":"closed","ping_status":"closed","sticky":false,"template":"","format":"standard","meta":{"spay_email":"","footnotes":""},"categories":[11],"tags":[],"class_list":["post-606","post","type-post","status-publish","format-standard","hentry","category-morna"],"jetpack_featured_media_url":"","_links":{"self":[{"href":"https:\/\/www.humbertoramos.net\/cifras\/wp-json\/wp\/v2\/posts\/606","targetHints":{"allow":["GET"]}}],"collection":[{"href":"https:\/\/www.humbertoramos.net\/cifras\/wp-json\/wp\/v2\/posts"}],"about":[{"href":"https:\/\/www.humbertoramos.net\/cifras\/wp-json\/wp\/v2\/types\/post"}],"author":[{"embeddable":true,"href":"https:\/\/www.humbertoramos.net\/cifras\/wp-json\/wp\/v2\/users\/1"}],"replies":[{"embeddable":true,"href":"https:\/\/www.humbertoramos.net\/cifras\/wp-json\/wp\/v2\/comments?post=606"}],"version-history":[{"count":8,"href":"https:\/\/www.humbertoramos.net\/cifras\/wp-json\/wp\/v2\/posts\/606\/revisions"}],"predecessor-version":[{"id":768,"href":"https:\/\/www.humbertoramos.net\/cifras\/wp-json\/wp\/v2\/posts\/606\/revisions\/768"}],"wp:attachment":[{"href":"https:\/\/www.humbertoramos.net\/cifras\/wp-json\/wp\/v2\/media?parent=606"}],"wp:term":[{"taxonomy":"category","embeddable":true,"href":"https:\/\/www.humbertoramos.net\/cifras\/wp-json\/wp\/v2\/categories?post=606"},{"taxonomy":"post_tag","embeddable":true,"href":"https:\/\/www.humbertoramos.net\/cifras\/wp-json\/wp\/v2\/tags?post=606"}],"curies":[{"name":"wp","href":"https:\/\/api.w.org\/{rel}","templated":true}]}}